{"id":2205,"date":"2015-11-18T15:03:13","date_gmt":"2015-11-18T15:03:13","guid":{"rendered":"http:\/\/desaplatanate.org\/?p=2205"},"modified":"2021-12-28T12:26:55","modified_gmt":"2021-12-28T12:26:55","slug":"jornadas-alternativas-para-el-empleo-dentro-de-la-economia-social","status":"publish","type":"post","link":"https:\/\/desaplatanate.org\/en\/jornadas-alternativas-para-el-empleo-dentro-de-la-economia-social\/","title":{"rendered":"Jornadas: Alternativas para el empleo dentro de la econom\u00eda social"},"content":{"rendered":"<p>Alternativas\u00a0para el empleo dentro de la econom\u00eda social es un evento abierto y <strong>gratuito<\/strong> dirigido a personas emprendedoras, gente en situaci\u00f3n de desempleo y curiosos que quieran aprender y conocer m\u00e1s sobre la econom\u00eda social, sus alternativas, plataformas de financiaci\u00f3n, recursos&#8230; Ser\u00e1n unas jornadas del 23, 25 y 26 de noviembre.<\/p>\n<p><strong>LINK DE INSCRIPCI\u00d3N: \u00a0<\/strong><a href=\"http:\/\/goo.gl\/forms\/cV0cQ5tQKR\">http:\/\/goo.gl\/forms\/cV0cQ5tQKR<\/a><\/p>\n<p>&nbsp;<\/p>\n<p><img loading=\"lazy\" decoding=\"async\" class=\"aligncenter wp-image-3403 size-us_600_400\" src=\"https:\/\/desaplatanate.org\/wp-content\/uploads\/2021\/12\/Banner-Empleo-HORIZONTAL-ES-1-600x306.jpg\" alt=\"\" width=\"600\" height=\"306\" srcset=\"https:\/\/desaplatanate.org\/wp-content\/uploads\/2021\/12\/Banner-Empleo-HORIZONTAL-ES-1-600x306.jpg 600w, https:\/\/desaplatanate.org\/wp-content\/uploads\/2021\/12\/Banner-Empleo-HORIZONTAL-ES-1-300x153.jpg 300w, https:\/\/desaplatanate.org\/wp-content\/uploads\/2021\/12\/Banner-Empleo-HORIZONTAL-ES-1-1024x522.jpg 1024w, https:\/\/desaplatanate.org\/wp-content\/uploads\/2021\/12\/Banner-Empleo-HORIZONTAL-ES-1-400x204.jpg 400w, https:\/\/desaplatanate.org\/wp-content\/uploads\/2021\/12\/Banner-Empleo-HORIZONTAL-ES-1.jpg 1600w\" sizes=\"(max-width: 600px) 100vw, 600px\" \/><\/p>\n<p>&nbsp;<\/p>\n<p style=\"text-align: center;\"><strong><em>Programa del evento:\u00a0<\/em><\/strong><\/p>\n<p>&nbsp;<\/p>\n<p><strong>JORNADA 1: Lunes 23 noviembre<\/strong><\/p>\n<p>Emprendiendo dentro de la econom\u00eda social<\/p>\n<table>\n<tbody>\n<tr>\n<td width=\"73\"><strong>Time<\/strong><\/td>\n<td width=\"329\"><strong>Actividad<\/strong><\/td>\n<td width=\"201\"><strong>Responsable<\/strong><\/td>\n<\/tr>\n<tr>\n<td width=\"73\">5-5:30<\/td>\n<td width=\"329\">Presentaci\u00f3n de las jornadas y sus calendario<\/td>\n<td width=\"201\">Javier Gonz\u00e1lez<\/p>\n<p>Desaplat\u00e1nate<\/td>\n<\/tr>\n<tr>\n<td width=\"73\">5:30-6:20<\/td>\n<td width=\"329\">TALLER: La econom\u00eda social como una alternativa de emprendimiento<\/td>\n<td width=\"201\">Sandra Marrero<\/p>\n<p>Teamlabs Canarias<\/td>\n<\/tr>\n<tr>\n<td width=\"73\">6:20-6:35<\/td>\n<td width=\"329\">Descanso<\/td>\n<td width=\"201\">Serviremos un peque\u00f1o tentempi\u00e9<\/td>\n<\/tr>\n<tr>\n<td width=\"73\">6:35-7:30<\/td>\n<td width=\"329\">TALLER: La econom\u00eda social como una alternativa de emprendimiento \u00a0(II)<\/td>\n<td width=\"201\">Sandra Marrero<\/p>\n<p>Teamlabs Canarias<\/td>\n<\/tr>\n<tr>\n<td width=\"73\">7:30 \u2013 8:00<\/td>\n<td width=\"329\">Experiencia: La asociaci\u00f3n Desaplat\u00e1nate<\/td>\n<td width=\"201\">Javier Gonz\u00e1lez<\/p>\n<p>Desaplat\u00e1nate<\/td>\n<\/tr>\n<\/tbody>\n<\/table>\n<p>&nbsp;<\/p>\n<p><strong>JORNADA 2: Mi\u00e9rcoles 25 noviembre<\/strong><\/p>\n<p>Herramientas y recursos para emprender en la econom\u00eda social<\/p>\n<table>\n<tbody>\n<tr>\n<td width=\"73\"><strong>Time<\/strong><\/td>\n<td width=\"329\"><strong>Actividad<\/strong><\/td>\n<td width=\"201\"><strong>Responsable<\/strong><\/td>\n<\/tr>\n<tr>\n<td width=\"73\">5:15-5:30<\/td>\n<td width=\"329\">Presentaci\u00f3n del plan de trabajo del d\u00eda<\/td>\n<td width=\"201\">Javier Gonz\u00e1lez<\/p>\n<p>Desaplat\u00e1nate<\/td>\n<\/tr>\n<tr>\n<td width=\"73\">5:30-6:00<\/td>\n<td width=\"329\">Experiencia: Consumo colaborativo &#8211;\u00a0 El ejemplo de commonomia y Tenerife isla colaborativa.<\/td>\n<td width=\"201\">Pedro Mart\u00edn<\/p>\n<p>Tenerife Isla Colaborativa<\/td>\n<\/tr>\n<tr>\n<td width=\"73\">6:00 -6:30<\/td>\n<td width=\"329\">Recursos para la financiaci\u00f3n (crowdfunding) y herramientas para la gesti\u00f3n eficiente de proyectos<\/td>\n<td width=\"201\">Carlos Jonay<\/p>\n<p>CJSS &#8211; gesti\u00f3n de proyectos<\/td>\n<\/tr>\n<tr>\n<td width=\"73\">6:30-6:50<\/td>\n<td width=\"329\">Descanso<\/td>\n<td width=\"201\">Serviremos un peque\u00f1o tentempi\u00e9<\/td>\n<\/tr>\n<tr>\n<td width=\"73\">6:50 \u2013 7:10<\/td>\n<td width=\"329\">Experiencia: La asociaci\u00f3n Emp\u00e1pate<\/td>\n<td width=\"201\">Pablo \u00a0Armas<\/p>\n<p>Asociaci\u00f3n Emp\u00e1pate<\/td>\n<\/tr>\n<tr>\n<td width=\"73\">7:10- 7:30<\/td>\n<td width=\"329\">Experiencia: Asociaci\u00f3n Rayuela<\/td>\n<td width=\"201\">Rita<\/p>\n<p>Asociaci\u00f3n Rayuela<\/td>\n<\/tr>\n<tr>\n<td width=\"73\">7:30-8<\/td>\n<td width=\"329\">Experiencia: \u201cEl Sal\u00f3n\u201d un ejemplo de desarrollo local y recursos humanos.\u00a0 Proyecto: La Caja de Trueque<\/td>\n<td width=\"201\">Zebenzu\u00ed Gonz\u00e1lez<\/p>\n<p>El sal\u00f3n &#8211; espacio colaborativo<\/td>\n<\/tr>\n<\/tbody>\n<\/table>\n<p>&nbsp;<\/p>\n<p>&nbsp;<\/p>\n<p>&nbsp;<\/p>\n<p><strong>JORNADA 3: Jueves 26 noviembre.<\/strong><\/p>\n<p>Alternativas para el empleo dentro de la econom\u00eda social<\/p>\n<table>\n<tbody>\n<tr>\n<td width=\"73\">Time<\/td>\n<td width=\"329\">Actividad<\/td>\n<td width=\"201\">Responsable<\/td>\n<\/tr>\n<tr>\n<td width=\"73\">5:15-5:30<\/td>\n<td width=\"329\">Presentaci\u00f3n del plan de trabajo del d\u00eda<\/td>\n<td width=\"201\">Javier Gonz\u00e1lez<\/p>\n<p>Desaplat\u00e1nate<\/td>\n<\/tr>\n<tr>\n<td width=\"73\">5:30-5:50<\/td>\n<td width=\"329\">Oportunidades de movilidad para la generaci\u00f3n de experiencia &#8211; Erasmus entrepreneurs<\/td>\n<td width=\"201\">Santa Puce \u2013 Movilidad Internacional FGULL<\/td>\n<\/tr>\n<tr>\n<td width=\"73\">5:50-6:10<\/td>\n<td width=\"329\">Experiencia: Modelos alternativos de acceso a la vivienda &#8211; cooperativas de cesi\u00f3n de uso.<\/td>\n<td width=\"201\">Adri\u00e1n Rodriguez<\/td>\n<\/tr>\n<tr>\n<td width=\"73\">6:10-6:30<\/td>\n<td width=\"329\">Experiencia: Espacio Antares (Icod de los Vinos)<\/td>\n<td width=\"201\">Jos\u00e9 Lopez<\/p>\n<p>Espacio Antares<\/td>\n<\/tr>\n<tr>\n<td width=\"73\">6:30-6:45<\/td>\n<td width=\"329\">Descanso<\/td>\n<td width=\"201\">Serviremos un peque\u00f1o tentempi\u00e9<\/td>\n<\/tr>\n<tr>\n<td width=\"73\">6:45 \u2013 7:10<\/td>\n<td width=\"329\">Fundaci\u00f3n general ULL: Instituci\u00f3n para la formaci\u00f3n, asesor\u00eda y capacitaci\u00f3n.<\/td>\n<td width=\"201\"><strong>Yanicza Forte M\u00e9ndez,\u00a0<\/strong>T\u00e9cnica de Emprendimiento en Emprende.ull experta en asesoramiento y tributaci\u00f3n empresarial<\/td>\n<\/tr>\n<tr>\n<td width=\"73\">7:10-7:30<\/td>\n<td width=\"329\">Experiencia: Redisain &#8211; \u00a0dise\u00f1o reciclado<\/td>\n<td width=\"201\">Jos\u00e9 Javier Gonz\u00e1lez Guzm\u00e1n<\/p>\n<p>reDisain &#8211; \u00a0dise\u00f1o sostenible<\/td>\n<\/tr>\n<tr>\n<td width=\"73\">7:30- 8:00<\/td>\n<td width=\"329\">Presentando a _tivity: \u00a0la comunidad de actividades sostenibles \u00a0en Canarias<\/td>\n<td width=\"201\">Javier Gonz\u00e1lez<\/td>\n<\/tr>\n<\/tbody>\n<\/table>\n<p>&nbsp;<\/p>\n<p>&nbsp;<\/p>\n<p><strong>LINK DE INSCRIPCI\u00d3N: \u00a0<\/strong><a href=\"http:\/\/goo.gl\/forms\/cV0cQ5tQKR\">http:\/\/goo.gl\/forms\/cV0cQ5tQKR<\/a><\/p>\n<p>Las plazas est\u00e1n limitadas a 25 personas por d\u00eda. Estas jornadas estar\u00e1n dirigidas prioritariamente (aunque no exclusivamente) a personas j\u00f3venes en situaci\u00f3n de desempleo.<\/p>\n<p><strong>PONENTES DEL EVENTO:<\/strong><\/p>\n<p>Samuel Reyes &#8211; T\u00e9cnico de proyectos Fundaci\u00f3n general de la Universidad de La Laguna<\/p>\n<p>Santa Puce &#8211; Servicio de movilidad internacional de la Universidad de La Laguna<\/p>\n<p>Pedro Su\u00e1rez &#8211; Commonomia y Tenerife Isla Colaborativa<\/p>\n<p>Javier Gonz\u00e1lez &#8211; \u00a0Asociaci\u00f3n Desaplat\u00e1nate y cofundador\u00a0del proyecto _tivity.<\/p>\n<p>Sandra Marrero &#8211; Teamlabs Canarias<\/p>\n<p>Zebenzu\u00ed Gonz\u00e1lez &#8211; El Sal\u00f3n Espacio colaborativo<\/p>\n<p>Carlos Jonay &#8211; CJSS gesti\u00f3n de proyectos<\/p>\n<p>Jos\u00e9 L\u00f3pez &#8211; Espacio Antares<\/p>\n<p>Asociaci\u00f3n Rayuela<\/p>\n<p>Jos\u00e9 Javier Gonz\u00e1lez &#8211; Redisain<\/p>\n<p>Pablo Armas &#8211; Asociaci\u00f3n Emp\u00e1pate<\/p>\n<p>Adri\u00e1n Rodriguez &#8211; cooperativa de vivienda<\/p>\n<p>&nbsp;<\/p>\n<p>&nbsp;<\/p>\n<p>Si estas interesado\/a en asistir y tienes alguna pregunta no dudes en contactarnos:<\/p>\n<p>Email: info@desplatanate.org<\/p>\n<p>Tel\u00e9fono: 603691370<\/p>\n<p>Organizan: Asociaci\u00f3n Desaplat\u00e1nate.<\/p>\n<p>Financia: Servicio Canario de Empleo<\/p>","protected":false},"excerpt":{"rendered":"<p>Alternativas\u00a0para el empleo dentro de la econom\u00eda social es un evento abierto y gratuito dirigido a personas emprendedoras, gente en situaci\u00f3n de desempleo y curiosos que quieran aprender y conocer m\u00e1s sobre la econom\u00eda social, sus alternativas, plataformas de financiaci\u00f3n, recursos&#8230; Ser\u00e1n unas jornadas del 23, 25 y 26 de noviembre. LINK DE INSCRIPCI\u00d3N: \u00a0http:\/\/goo.gl\/forms\/cV0cQ5tQKR&#8230;<\/p>","protected":false},"author":2,"featured_media":3403,"comment_status":"open","ping_status":"open","sticky":false,"template":"","format":"standard","meta":{"footnotes":""},"categories":[2,1],"tags":[],"_links":{"self":[{"href":"https:\/\/desaplatanate.org\/en\/wp-json\/wp\/v2\/posts\/2205"}],"collection":[{"href":"https:\/\/desaplatanate.org\/en\/wp-json\/wp\/v2\/posts"}],"about":[{"href":"https:\/\/desaplatanate.org\/en\/wp-json\/wp\/v2\/types\/post"}],"author":[{"embeddable":true,"href":"https:\/\/desaplatanate.org\/en\/wp-json\/wp\/v2\/users\/2"}],"replies":[{"embeddable":true,"href":"https:\/\/desaplatanate.org\/en\/wp-json\/wp\/v2\/comments?post=2205"}],"version-history":[{"count":0,"href":"https:\/\/desaplatanate.org\/en\/wp-json\/wp\/v2\/posts\/2205\/revisions"}],"wp:featuredmedia":[{"embeddable":true,"href":"https:\/\/desaplatanate.org\/en\/wp-json\/wp\/v2\/media\/3403"}],"wp:attachment":[{"href":"https:\/\/desaplatanate.org\/en\/wp-json\/wp\/v2\/media?parent=2205"}],"wp:term":[{"taxonomy":"category","embeddable":true,"href":"https:\/\/desaplatanate.org\/en\/wp-json\/wp\/v2\/categories?post=2205"},{"taxonomy":"post_tag","embeddable":true,"href":"https:\/\/desaplatanate.org\/en\/wp-json\/wp\/v2\/tags?post=2205"}],"curies":[{"name":"wp","href":"https:\/\/api.w.org\/{rel}","templated":true}]}}